{"id":66404,"date":"2024-03-03T13:17:30","date_gmt":"2024-03-03T12:17:30","guid":{"rendered":"https:\/\/modellbahn-ag.de\/?p=66404"},"modified":"2024-07-29T13:45:28","modified_gmt":"2024-07-29T11:45:28","slug":"gruesse-zum-jahresende-2-2","status":"publish","type":"post","link":"https:\/\/modellbahn-ag.de\/?p=66404","title":{"rendered":"Faszination Modellbahn am 08.-10.03.2024"},"content":{"rendered":"\n<div class=\"wp-block-media-text is-stacked-on-mobile is-vertically-aligned-top\" style=\"grid-template-columns:19% auto\"><figure class=\"wp-block-media-text__media\"><img loading=\"lazy\" decoding=\"async\" width=\"1024\" height=\"907\" src=\"https:\/\/modellbahn-ag.de\/wp-content\/uploads\/2018\/07\/lok-mag-Aktion-1024x907.jpg\" alt=\"\" class=\"wp-image-614 size-full\" srcset=\"https:\/\/modellbahn-ag.de\/wp-content\/uploads\/2018\/07\/lok-mag-Aktion-1024x907.jpg 1024w, https:\/\/modellbahn-ag.de\/wp-content\/uploads\/2018\/07\/lok-mag-Aktion-300x266.jpg 300w, https:\/\/modellbahn-ag.de\/wp-content\/uploads\/2018\/07\/lok-mag-Aktion-768x681.jpg 768w\" sizes=\"auto, (max-width: 1024px) 100vw, 1024px\" \/><\/figure><div class=\"wp-block-media-text__content\">\n<p class=\"has-text-color has-link-color has-medium-font-size wp-elements-b44b016319cdea14797b74149f2d3256\" style=\"color:#0015fd;font-style:normal;font-weight:700\"><strong>Mitmachaktionen f\u00fcr alle<\/strong><\/p>\n\n\n\n<p>Auf der <a href=\"https:\/\/www.faszination-modellbahn.com\/\" target=\"_blank\" rel=\"noreferrer noopener\">FASZINATION MODELLBAHN<\/a> durften sich die Besucher auch selbst am Geschehen beteiligen: So werden Kinder und Jugendliche <strong>beim Junior-College Europa des BDEF<\/strong> in sinnvoll aufeinander aufbauenden Stationen durch selbstst\u00e4ndiges Bauen und Spielen an die Modelleisenbahn herangef\u00fchrt. Unter Anleitung erfahrener Sch\u00fcler der Modellbahn AG des Thomas-Mann-Gymnasiums in Stutensee bauen sie ihr eigenes kleines Diorama und lernen dabei alles, was f\u00fcr die kreative Gestaltung einer eigenen Anlage notwendig ist \u2013 ganz auf Augenh\u00f6he: von Jugendlichen f\u00fcr Jugendliche. Und am Ende des Tages darf jeder sein Diorama mit nach Hause nehmen.<\/p>\n<\/div><\/div>\n\n\n\n<figure class=\"wp-block-gallery has-nested-images columns-default is-cropped wp-block-gallery-1 is-layout-flex wp-block-gallery-is-layout-flex\">\n<figure class=\"wp-block-image size-large\"><img loading=\"lazy\" decoding=\"async\" width=\"1024\" height=\"548\" data-id=\"66435\" src=\"https:\/\/modellbahn-ag.de\/wp-content\/uploads\/2024\/03\/BDEF-Report_2024-2_1-1-1024x548.jpg\" alt=\"\" class=\"wp-image-66435\" srcset=\"https:\/\/modellbahn-ag.de\/wp-content\/uploads\/2024\/03\/BDEF-Report_2024-2_1-1-1024x548.jpg 1024w, https:\/\/modellbahn-ag.de\/wp-content\/uploads\/2024\/03\/BDEF-Report_2024-2_1-1-300x160.jpg 300w, https:\/\/modellbahn-ag.de\/wp-content\/uploads\/2024\/03\/BDEF-Report_2024-2_1-1-768x411.jpg 768w, https:\/\/modellbahn-ag.de\/wp-content\/uploads\/2024\/03\/BDEF-Report_2024-2_1-1-1536x821.jpg 1536w, https:\/\/modellbahn-ag.de\/wp-content\/uploads\/2024\/03\/BDEF-Report_2024-2_1-1-2048x1095.jpg 2048w\" sizes=\"auto, (max-width: 1024px) 100vw, 1024px\" \/><\/figure>\n<\/figure>\n\n\n\n<!--more-->\n\n\n<div class=\"ead-preview\"><div class=\"ead-document\" style=\"position: relative\"><div class=\"ead-iframe-wrapper\"><iframe src=\"\/\/docs.google.com\/viewer?url=https%3A%2F%2Fmodellbahn-ag.de%2Fwp-content%2Fuploads%2F2024%2F03%2FBDEF-Report_2024-2-Faszi2.pdf&amp;embedded=true&amp;hl=en\" title=\"Eingebettetes Dokument\" class=\"ead-iframe\" style=\"width: 100%;height: 20%;border: none;min-height: 500px;visibility: hidden;\"><\/iframe><\/div>\t\t\t<div class=\"ead-document-loading\" style=\"width:100%;height:100%;position:absolute;left:0;top:0;z-index:10\">\n\t\t\t\t<div class=\"ead-loading-wrap\">\n\t\t\t\t\t<div class=\"ead-loading-main\">\n\t\t\t\t\t\t<div class=\"ead-loading\">\n\t\t\t\t\t\t\t<img loading=\"lazy\" decoding=\"async\" src=\"https:\/\/modellbahn-ag.de\/wp-content\/plugins\/embed-any-document\/images\/loading.svg\" width=\"55\" height=\"55\" alt=\"Loader\">\n\t\t\t\t\t\t\t<span>Wird geladen\u00a0\u2026<\/span>\n\t\t\t\t\t\t<\/div>\n\t\t\t\t\t<\/div>\n\t\t\t\t\t<div class=\"ead-loading-foot\">\n\t\t\t\t\t\t<div class=\"ead-loading-foot-title\">\n\t\t\t\t\t\t\t<img loading=\"lazy\" decoding=\"async\" src=\"https:\/\/modellbahn-ag.de\/wp-content\/plugins\/embed-any-document\/images\/EAD-logo.svg\" alt=\"EAD-Logo\" width=\"36\" height=\"23\"\/>\n\t\t\t\t\t\t\t<span>Es dauert zu lange?<\/span>\n\t\t\t\t\t\t<\/div>\n\t\t\t\t\t\t<p>\n\t\t\t\t\t\t\t<div class=\"ead-document-btn ead-reload-btn\" role=\"button\">\n\t\t\t\t\t\t\t\t<img loading=\"lazy\" decoding=\"async\" src=\"https:\/\/modellbahn-ag.de\/wp-content\/plugins\/embed-any-document\/images\/reload.svg\" alt=\"Neu laden\" width=\"12\" height=\"12\"\/> Dokument neu laden\t\t\t\t\t\t\t<\/div>\n\t\t\t\t\t\t\t<span>|<\/span>\n\t\t\t\t\t\t\t<a href=\"https:\/\/modellbahn-ag.de\/wp-content\/uploads\/2024\/03\/BDEF-Report_2024-2-Faszi2.pdf\" class=\"ead-document-btn\" target=\"_blank\">\n\t\t\t\t\t\t\t\t<img loading=\"lazy\" decoding=\"async\" src=\"https:\/\/modellbahn-ag.de\/wp-content\/plugins\/embed-any-document\/images\/open.svg\" alt=\"\u00d6ffnen\" width=\"12\" height=\"12\"\/> In einem neuen Tab \u00f6ffnen\t\t\t\t\t\t\t<\/a>\n\t\t\t\t\t<\/div>\n\t\t\t\t<\/div>\n\t\t\t<\/div>\n\t\t<\/div><\/div>\n\n","protected":false},"excerpt":{"rendered":"<p>Mitmachaktionen f\u00fcr alle Auf der FASZINATION MODELLBAHN durften sich die Besucher auch selbst am Geschehen beteiligen: So werden Kinder und Jugendliche beim Junior-College Europa des BDEF in sinnvoll aufeinander aufbauenden Stationen durch selbstst\u00e4ndiges Bauen und Spielen an die Modelleisenbahn herangef\u00fchrt. Unter Anleitung erfahrener Sch\u00fcler der Modellbahn AG des Thomas-Mann-Gymnasiums in Stutensee bauen sie ihr eigenes [&hellip;]<\/p>\n","protected":false},"author":2,"featured_media":66409,"comment_status":"closed","ping_status":"closed","sticky":false,"template":"","format":"standard","meta":{"_eb_attr":"","advgb_blocks_editor_width":"","advgb_blocks_columns_visual_guide":"","footnotes":""},"categories":[41,8],"tags":[46,45,23,30],"class_list":["post-66404","post","type-post","status-publish","format-standard","has-post-thumbnail","hentry","category-archiv","category-projekte","tag-bdef","tag-jce","tag-modellbahn-ag","tag-modellbahnausstellung"],"author_meta":{"display_name":"Matthias Wagner","author_link":"https:\/\/modellbahn-ag.de\/?author=2"},"featured_img":"https:\/\/modellbahn-ag.de\/wp-content\/uploads\/2024\/03\/Newsletter_Header_2024_de-300x145.jpg","coauthors":[],"tax_additional":{"categories":{"linked":["<a href=\"https:\/\/modellbahn-ag.de\/?cat=41\" class=\"advgb-post-tax-term\">Archiv<\/a>","<a href=\"https:\/\/modellbahn-ag.de\/?cat=8\" class=\"advgb-post-tax-term\">Projekte<\/a>"],"unlinked":["<span class=\"advgb-post-tax-term\">Archiv<\/span>","<span class=\"advgb-post-tax-term\">Projekte<\/span>"]},"tags":{"linked":["<a href=\"https:\/\/modellbahn-ag.de\/?cat=8\" class=\"advgb-post-tax-term\">BDEF<\/a>","<a href=\"https:\/\/modellbahn-ag.de\/?cat=8\" class=\"advgb-post-tax-term\">JCE<\/a>","<a href=\"https:\/\/modellbahn-ag.de\/?cat=8\" class=\"advgb-post-tax-term\">Modellbahn AG<\/a>","<a href=\"https:\/\/modellbahn-ag.de\/?cat=8\" class=\"advgb-post-tax-term\">Modellbahnausstellung<\/a>"],"unlinked":["<span class=\"advgb-post-tax-term\">BDEF<\/span>","<span class=\"advgb-post-tax-term\">JCE<\/span>","<span class=\"advgb-post-tax-term\">Modellbahn AG<\/span>","<span class=\"advgb-post-tax-term\">Modellbahnausstellung<\/span>"]}},"comment_count":"0","relative_dates":{"created":"Ver\u00f6ffentlicht 2\u00a0Jahren vor","modified":"Aktualisiert 2\u00a0Jahren vor"},"absolute_dates":{"created":"Ver\u00f6ffentlicht am 03\/03\/2024","modified":"Aktualisiert am 29\/07\/2024"},"absolute_dates_time":{"created":"Ver\u00f6ffentlicht am 03\/03\/2024 13:17","modified":"Aktualisiert am 29\/07\/2024 13:45"},"featured_img_caption":"","series_order":"","_links":{"self":[{"href":"https:\/\/modellbahn-ag.de\/index.php?rest_route=\/wp\/v2\/posts\/66404","targetHints":{"allow":["GET"]}}],"collection":[{"href":"https:\/\/modellbahn-ag.de\/index.php?rest_route=\/wp\/v2\/posts"}],"about":[{"href":"https:\/\/modellbahn-ag.de\/index.php?rest_route=\/wp\/v2\/types\/post"}],"author":[{"embeddable":true,"href":"https:\/\/modellbahn-ag.de\/index.php?rest_route=\/wp\/v2\/users\/2"}],"replies":[{"embeddable":true,"href":"https:\/\/modellbahn-ag.de\/index.php?rest_route=%2Fwp%2Fv2%2Fcomments&post=66404"}],"version-history":[{"count":11,"href":"https:\/\/modellbahn-ag.de\/index.php?rest_route=\/wp\/v2\/posts\/66404\/revisions"}],"predecessor-version":[{"id":66475,"href":"https:\/\/modellbahn-ag.de\/index.php?rest_route=\/wp\/v2\/posts\/66404\/revisions\/66475"}],"wp:featuredmedia":[{"embeddable":true,"href":"https:\/\/modellbahn-ag.de\/index.php?rest_route=\/wp\/v2\/media\/66409"}],"wp:attachment":[{"href":"https:\/\/modellbahn-ag.de\/index.php?rest_route=%2Fwp%2Fv2%2Fmedia&parent=66404"}],"wp:term":[{"taxonomy":"category","embeddable":true,"href":"https:\/\/modellbahn-ag.de\/index.php?rest_route=%2Fwp%2Fv2%2Fcategories&post=66404"},{"taxonomy":"post_tag","embeddable":true,"href":"https:\/\/modellbahn-ag.de\/index.php?rest_route=%2Fwp%2Fv2%2Ftags&post=66404"}],"curies":[{"name":"wp","href":"https:\/\/api.w.org\/{rel}","templated":true}]}}